{"id":60,"date":"2019-10-16T13:34:18","date_gmt":"2019-10-16T11:34:18","guid":{"rendered":"http:\/\/buecherey.ch\/blogs\/?p=60"},"modified":"2025-10-15T14:40:20","modified_gmt":"2025-10-15T12:40:20","slug":"slsp-ein-start","status":"publish","type":"post","link":"https:\/\/buecherey.ch\/blogs\/index.php\/2019\/10\/16\/slsp-ein-start\/","title":{"rendered":"SLSP ein Start"},"content":{"rendered":"\n<p>N\u00e4chstes Jahr startet SLSP f\u00fcr die Bibliothek der PHZH. Bereits werden erste Vorarbeiten erwartet. Ich bin Ende September zur Ansprechsperson f\u00fcr SLSP ernannt worden. Zuerst dachte ich, dass ich Ansprechpartner f\u00fcr die PHZH-Bibliothek bin, musste aber dann erfahren, dass ich auch f\u00fcr die Forschungsbibliothek und die Bibliothek der HfH zust\u00e4ndig bin, d.h. f\u00fcr die ganze IZ 20: PHZH. Heute nun sind die Infos f\u00fcr den ersten Auftrag zusammen und ich habe das Implementation Form zur\u00fcck geschickt. Mal sehen, wohin das f\u00fchrt.<\/p>\n","protected":false},"excerpt":{"rendered":"<p>N\u00e4chstes Jahr startet SLSP f\u00fcr die Bibliothek der PHZH. Bereits werden erste Vorarbeiten erwartet. Ich bin Ende September zur Ansprechsperson f\u00fcr SLSP ernannt worden. Zuerst dachte ich, dass ich Ansprechpartner f\u00fcr die PHZH-Bibliothek bin, musste aber dann erfahren, dass ich auch f\u00fcr die Forschungsbibliothek und die Bibliothek der HfH zust\u00e4ndig bin, d.h. f\u00fcr die ganze [&hellip;]<\/p>\n","protected":false},"author":1,"featured_media":0,"comment_status":"open","ping_status":"open","sticky":false,"template":"","format":"standard","meta":{"footnotes":""},"categories":[2,3],"tags":[],"class_list":["post-60","post","type-post","status-publish","format-standard","hentry","category-arbeit","category-slsp"],"_links":{"self":[{"href":"https:\/\/buecherey.ch\/blogs\/index.php\/wp-json\/wp\/v2\/posts\/60","targetHints":{"allow":["GET"]}}],"collection":[{"href":"https:\/\/buecherey.ch\/blogs\/index.php\/wp-json\/wp\/v2\/posts"}],"about":[{"href":"https:\/\/buecherey.ch\/blogs\/index.php\/wp-json\/wp\/v2\/types\/post"}],"author":[{"embeddable":true,"href":"https:\/\/buecherey.ch\/blogs\/index.php\/wp-json\/wp\/v2\/users\/1"}],"replies":[{"embeddable":true,"href":"https:\/\/buecherey.ch\/blogs\/index.php\/wp-json\/wp\/v2\/comments?post=60"}],"version-history":[{"count":2,"href":"https:\/\/buecherey.ch\/blogs\/index.php\/wp-json\/wp\/v2\/posts\/60\/revisions"}],"predecessor-version":[{"id":62,"href":"https:\/\/buecherey.ch\/blogs\/index.php\/wp-json\/wp\/v2\/posts\/60\/revisions\/62"}],"wp:attachment":[{"href":"https:\/\/buecherey.ch\/blogs\/index.php\/wp-json\/wp\/v2\/media?parent=60"}],"wp:term":[{"taxonomy":"category","embeddable":true,"href":"https:\/\/buecherey.ch\/blogs\/index.php\/wp-json\/wp\/v2\/categories?post=60"},{"taxonomy":"post_tag","embeddable":true,"href":"https:\/\/buecherey.ch\/blogs\/index.php\/wp-json\/wp\/v2\/tags?post=60"}],"curies":[{"name":"wp","href":"https:\/\/api.w.org\/{rel}","templated":true}]}}